{"id":10484,"date":"2019-11-29T11:40:05","date_gmt":"2019-11-29T10:40:05","guid":{"rendered":"https:\/\/www.gordonweddingfilms.com\/wedding-in-morocco\/"},"modified":"2024-05-20T08:51:59","modified_gmt":"2024-05-20T07:51:59","slug":"mariage-marrakech-maroc","status":"publish","type":"post","link":"https:\/\/www.gordonweddingfilms.com\/fr\/mariage-marrakech-maroc\/","title":{"rendered":"Un mariage \u00e0 Marrakech, Dar el Sadaka"},"content":{"rendered":"<div class=\"wpb-content-wrapper\"><p>[vc_row row_height_percent=\u00a0\u00bb50&Prime; back_image=\u00a0\u00bb17772&Prime; overlay_color=\u00a0\u00bbcolor-wayh\u00a0\u00bb overlay_alpha=\u00a0\u00bb0&Prime; gutter_size=\u00a0\u00bb3&Prime; column_width_percent=\u00a0\u00bb100&Prime; shift_y=\u00a0\u00bb0&Prime; z_index=\u00a0\u00bb0&Prime; uncode_shortcode_id=\u00a0\u00bb124265&Prime; overlay_color_type=\u00a0\u00bbuncode-palette\u00a0\u00bb][vc_column column_width_percent=\u00a0\u00bb100&Prime; position_vertical=\u00a0\u00bbmiddle\u00a0\u00bb align_horizontal=\u00a0\u00bbalign_center\u00a0\u00bb gutter_size=\u00a0\u00bb4&Prime; style=\u00a0\u00bbdark\u00a0\u00bb overlay_alpha=\u00a0\u00bb50&Prime; shift_x=\u00a0\u00bb0&Prime; shift_y=\u00a0\u00bb0&Prime; shift_y_down=\u00a0\u00bb0&Prime; z_index=\u00a0\u00bb0&Prime; medium_width=\u00a0\u00bb0&Prime; mobile_width=\u00a0\u00bb0&Prime; width=\u00a0\u00bb1\/1&Prime;][vc_empty_space empty_h=\u00a0\u00bb4&Prime;][\/vc_column][\/vc_row][vc_row row_height_percent=\u00a0\u00bb0&Prime; override_padding=\u00a0\u00bbyes\u00a0\u00bb h_padding=\u00a0\u00bb3&Prime; top_padding=\u00a0\u00bb2&Prime; bottom_padding=\u00a0\u00bb2&Prime; back_color=\u00a0\u00bbcolor-xsdn\u00a0\u00bb overlay_alpha=\u00a0\u00bb50&Prime; gutter_size=\u00a0\u00bb3&Prime; column_width_use_pixel=\u00a0\u00bbyes\u00a0\u00bb shift_y=\u00a0\u00bb0&Prime; z_index=\u00a0\u00bb2&Prime; uncode_shortcode_id=\u00a0\u00bb193630&Prime; back_color_type=\u00a0\u00bbuncode-palette\u00a0\u00bb][vc_column column_width_use_pixel=\u00a0\u00bbyes\u00a0\u00bb position_vertical=\u00a0\u00bbmiddle\u00a0\u00bb align_horizontal=\u00a0\u00bbalign_center\u00a0\u00bb gutter_size=\u00a0\u00bb3&Prime; override_padding=\u00a0\u00bbyes\u00a0\u00bb column_padding=\u00a0\u00bb3&Prime; style=\u00a0\u00bblight\u00a0\u00bb back_color=\u00a0\u00bbcolor-125935&Prime; overlay_alpha=\u00a0\u00bb50&Prime; shift_x=\u00a0\u00bb0&Prime; shift_y=\u00a0\u00bb-5&Prime; shift_y_fixed=\u00a0\u00bbyes\u00a0\u00bb shift_y_down=\u00a0\u00bb0&Prime; z_index=\u00a0\u00bb0&Prime; medium_width=\u00a0\u00bb0&Prime; mobile_width=\u00a0\u00bb0&Prime; radius=\u00a0\u00bbsm\u00a0\u00bb width=\u00a0\u00bb1\/1&Prime; column_width_pixel=\u00a0\u00bb2000&Prime; uncode_shortcode_id=\u00a0\u00bb456244&Prime; back_color_type=\u00a0\u00bbuncode-palette\u00a0\u00bb][vc_custom_heading heading_semantic=\u00a0\u00bbh1&Prime; text_size=\u00a0\u00bbh1&Prime; uncode_shortcode_id=\u00a0\u00bb118357&Prime;]Un mariage \u00e0 Marrakech,<br \/>\nDar el Sadaka[\/vc_custom_heading][vc_row_inner row_inner_height_percent=\u00a0\u00bb0&Prime; overlay_alpha=\u00a0\u00bb50&Prime; equal_height=\u00a0\u00bbyes\u00a0\u00bb gutter_size=\u00a0\u00bb3&Prime; shift_y=\u00a0\u00bb0&Prime; z_index=\u00a0\u00bb0&Prime;][vc_column_inner column_width_percent=\u00a0\u00bb100&Prime; position_vertical=\u00a0\u00bbmiddle\u00a0\u00bb align_horizontal=\u00a0\u00bbalign_center\u00a0\u00bb gutter_size=\u00a0\u00bb3&Prime; style=\u00a0\u00bblight\u00a0\u00bb overlay_alpha=\u00a0\u00bb50&Prime; shift_x=\u00a0\u00bb0&Prime; shift_y=\u00a0\u00bb0&Prime; shift_y_down=\u00a0\u00bb0&Prime; z_index=\u00a0\u00bb0&Prime; align_medium=\u00a0\u00bbalign_center_tablet\u00a0\u00bb medium_width=\u00a0\u00bb0&Prime; align_mobile=\u00a0\u00bbalign_center_mobile\u00a0\u00bb mobile_width=\u00a0\u00bb0&Prime; width=\u00a0\u00bb1\/1&Prime; uncode_shortcode_id=\u00a0\u00bb370274&Prime;][vc_custom_heading text_size=\u00a0\u00bbh4&Prime; sub_lead=\u00a0\u00bbyes\u00a0\u00bb uncode_shortcode_id=\u00a0\u00bb938969&Prime;]<i>Videaste mariage Marrakech, Maroc<\/i>[\/vc_custom_heading][\/vc_column_inner][\/vc_row_inner][\/vc_column][\/vc_row][vc_row row_height_percent=\u00a0\u00bb0&Prime; override_padding=\u00a0\u00bbyes\u00a0\u00bb h_padding=\u00a0\u00bb2&Prime; top_padding=\u00a0\u00bb4&Prime; bottom_padding=\u00a0\u00bb4&Prime; overlay_alpha=\u00a0\u00bb50&Prime; gutter_size=\u00a0\u00bb3&Prime; column_width_percent=\u00a0\u00bb100&Prime; shift_y=\u00a0\u00bb0&Prime; z_index=\u00a0\u00bb0&Prime; uncode_shortcode_id=\u00a0\u00bb113308&Prime;][vc_column width=\u00a0\u00bb1\/6&Prime;][\/vc_column][vc_column column_width_percent=\u00a0\u00bb100&Prime; position_vertical=\u00a0\u00bbmiddle\u00a0\u00bb align_horizontal=\u00a0\u00bbalign_center\u00a0\u00bb gutter_size=\u00a0\u00bb3&Prime; overlay_alpha=\u00a0\u00bb50&Prime; shift_x=\u00a0\u00bb0&Prime; shift_y=\u00a0\u00bb0&Prime; shift_y_down=\u00a0\u00bb0&Prime; z_index=\u00a0\u00bb0&Prime; medium_width=\u00a0\u00bb0&Prime; mobile_width=\u00a0\u00bb0&Prime; width=\u00a0\u00bb2\/3&Prime; uncode_shortcode_id=\u00a0\u00bb207730&Prime;][vc_column_text uncode_shortcode_id=\u00a0\u00bb684450&Prime;]Quand j\u2019ai rencontr\u00e9 Patricia (Pipay) et Reda l\u2019ann\u00e9e derni\u00e8re, leur histoire m\u2019a tout de suite touch\u00e9. Etre <a href=\"https:\/\/www.gordonweddingfilms.com\/fr\/\">vid\u00e9aste de mariage<\/a> n\u2019est pas seulement \u00a0filmer ce qui se passe pendant la journ\u00e9e, mais plut\u00f4t de savoir qui sont mes couples pour savoir comment les filmer.<\/p>\n<p>Pipay a grandi dans une grande famille \u00e0 Manille \u2013 Philippines. Elle a fr\u00e9quent\u00e9 des \u00e9coles catholiques et a \u00e9t\u00e9 \u00e9lev\u00e9e dans la religion catholique. Reda a eu une exp\u00e9rience plus internationale en grandissant, n\u00e9 \u00e0 Tanger, \u00e9lev\u00e9 musulman, il a v\u00e9cu en Belgique, Rotterdam, Kuala Lumpur, et finalement \u00e0 Singapour o\u00f9 ils se sont rencontr\u00e9s.<\/p>\n<p>Deux ans apr\u00e8s le d\u00e9but de leur relation, ils ont connu un grand bouleversement lorsqu\u2019ils ont appris que le p\u00e8re de Pipay avait un cancer. Il est d\u00e9c\u00e9d\u00e9 en moins d\u2019un an, et cette p\u00e9riode a \u00e9t\u00e9 tr\u00e8s difficile pour elle sur le plan \u00e9motionnel. Reda \u00e9tait pr\u00e9sent \u00e0 chaque \u00e9tape, non seulement pour elle, mais aussi pour sa famille.<\/p>\n<p>Une semaine avant la mort du p\u00e8re de Pipay, Reda savait qu\u2019il ne restait plus beaucoup de temps. Plus tard, Pipay apprenait qu\u2019il s\u2019\u00e9tait \u00e9norm\u00e9ment d\u00e9men\u00e9 pour lui trouver une bague de fian\u00e7ailles parce qu\u2019il voulait le faire pendant que son p\u00e8re \u00e9tait encore en vie. Reda \u00e9tait alors dans un avion pour Manille avec la bague en main, mais au moment o\u00f9 il atterri, il \u00e9tait d\u00e9j\u00e0 trop tard\u2026 Pour cette raison, Reda a demand\u00e9 en mariage Pipay seulement quelques mois plus tard, il voulait que ce soit un moment fort dans la vie de sa future femme.<\/p>\n<p>C\u2019est l\u00e0 qu\u2019elle a su qu\u2019il \u00e9tait l\u2019homme \u00e0 \u00e9pouser.<\/p>\n<p>Quand je leur ai propos\u00e9 de documenter leur <a href=\"https:\/\/www.gordonweddingfilms.com\/fr\/video-clip-mariage\/\">film de mariage<\/a> avec leur histoire, ils ont imm\u00e9diatement dit oui, parce qu\u2019ils savaient que l\u2019histoire compte plus que les images.[\/vc_column_text][\/vc_column][vc_column width=\u00a0\u00bb1\/6&Prime;][\/vc_column][\/vc_row][vc_row unlock_row_content=\u00a0\u00bbyes\u00a0\u00bb row_height_percent=\u00a0\u00bb0&Prime; override_padding=\u00a0\u00bbyes\u00a0\u00bb h_padding=\u00a0\u00bb5&Prime; top_padding=\u00a0\u00bb3&Prime; bottom_padding=\u00a0\u00bb3&Prime; overlay_alpha=\u00a0\u00bb50&Prime; gutter_size=\u00a0\u00bb3&Prime; column_width_percent=\u00a0\u00bb100&Prime; shift_y=\u00a0\u00bb0&Prime; z_index=\u00a0\u00bb0&Prime; uncode_shortcode_id=\u00a0\u00bb126032&Prime;][vc_column width=\u00a0\u00bb1\/1&Prime;][vc_column_text uncode_shortcode_id=\u00a0\u00bb689501&Prime;]<\/p>\n<div style=\"padding: 42.6% 0 0 0; position: relative;\"><iframe style=\"position: absolute; top: 0; left: 0; width: 100%; height: 100%;\" title=\"With You I'm Home | Pipay &amp; Reda - Wedding Morocco (Marrakech)\" src=\"https:\/\/player.vimeo.com\/video\/948217409?h=3678d37718&amp;badge=0&amp;autopause=0&amp;player_id=0&amp;app_id=58479\" frameborder=\"0\"><\/iframe><\/div>\n<p><script src=\"https:\/\/player.vimeo.com\/api\/player.js\"><\/script>[\/vc_column_text][\/vc_column][\/vc_row][vc_row row_height_percent=\u00a0\u00bb0&Prime; override_padding=\u00a0\u00bbyes\u00a0\u00bb h_padding=\u00a0\u00bb2&Prime; top_padding=\u00a0\u00bb0&Prime; bottom_padding=\u00a0\u00bb4&Prime; overlay_alpha=\u00a0\u00bb50&Prime; gutter_size=\u00a0\u00bb3&Prime; column_width_percent=\u00a0\u00bb100&Prime; shift_y=\u00a0\u00bb0&Prime; z_index=\u00a0\u00bb0&Prime; uncode_shortcode_id=\u00a0\u00bb120570&Prime;][vc_column width=\u00a0\u00bb1\/6&Prime;][\/vc_column][vc_column column_width_percent=\u00a0\u00bb100&Prime; align_horizontal=\u00a0\u00bbalign_center\u00a0\u00bb gutter_size=\u00a0\u00bb3&Prime; overlay_alpha=\u00a0\u00bb50&Prime; shift_x=\u00a0\u00bb0&Prime; shift_y=\u00a0\u00bb0&Prime; shift_y_down=\u00a0\u00bb0&Prime; z_index=\u00a0\u00bb0&Prime; medium_width=\u00a0\u00bb0&Prime; mobile_width=\u00a0\u00bb0&Prime; width=\u00a0\u00bb2\/3&Prime; uncode_shortcode_id=\u00a0\u00bb824106&Prime;][vc_custom_heading text_size=\u00a0\u00bbh5&Prime; uncode_shortcode_id=\u00a0\u00bb111685&Prime; subheading=\u00a0\u00bbPipay &amp; Reda &#8211; \u00ab\u00a0With you I&rsquo;m home\u00ab\u00a0\u00ab\u00a0]Mariage \u00e0 Agafay, Dar El Sadaka, Marrakech[\/vc_custom_heading][\/vc_column][vc_column width=\u00a0\u00bb1\/6&Prime;][\/vc_column][\/vc_row][vc_row][vc_column width=\u00a0\u00bb1\/6&Prime;][\/vc_column][vc_column column_width_percent=\u00a0\u00bb100&Prime; position_vertical=\u00a0\u00bbmiddle\u00a0\u00bb align_horizontal=\u00a0\u00bbalign_center\u00a0\u00bb gutter_size=\u00a0\u00bb3&Prime; overlay_alpha=\u00a0\u00bb50&Prime; shift_x=\u00a0\u00bb0&Prime; shift_y=\u00a0\u00bb0&Prime; shift_y_down=\u00a0\u00bb0&Prime; z_index=\u00a0\u00bb0&Prime; medium_width=\u00a0\u00bb0&Prime; mobile_width=\u00a0\u00bb0&Prime; width=\u00a0\u00bb2\/3&Prime; uncode_shortcode_id=\u00a0\u00bb211837&Prime;][vc_column_text uncode_shortcode_id=\u00a0\u00bb593132&Prime;]Jour #1 | Desert d&rsquo;Agafay \u2013 \u00c9change de lettres &amp; session de couple<br \/>\nJour #2 | Dar El Sadaka \u2013 Journ\u00e9e de mariage[\/vc_column_text][\/vc_column][vc_column width=\u00a0\u00bb1\/6&Prime;][\/vc_column][\/vc_row][vc_row][vc_column width=\u00a0\u00bb1\/1&Prime;][vc_empty_space empty_h=\u00a0\u00bb2&Prime;][\/vc_column][\/vc_row][vc_row unlock_row_content=\u00a0\u00bbyes\u00a0\u00bb row_height_percent=\u00a0\u00bb0&Prime; override_padding=\u00a0\u00bbyes\u00a0\u00bb h_padding=\u00a0\u00bb3&Prime; top_padding=\u00a0\u00bb4&Prime; bottom_padding=\u00a0\u00bb2&Prime; back_color=\u00a0\u00bbcolor-599905&Prime; overlay_alpha=\u00a0\u00bb50&Prime; gutter_size=\u00a0\u00bb2&Prime; column_width_percent=\u00a0\u00bb100&Prime; shift_y=\u00a0\u00bb0&Prime; z_index=\u00a0\u00bb0&Prime; uncode_shortcode_id=\u00a0\u00bb969044&Prime; back_color_type=\u00a0\u00bbuncode-palette\u00a0\u00bb][vc_column column_width_percent=\u00a0\u00bb100&Prime; align_horizontal=\u00a0\u00bbalign_center\u00a0\u00bb gutter_size=\u00a0\u00bb4&Prime; overlay_alpha=\u00a0\u00bb50&Prime; shift_x=\u00a0\u00bb0&Prime; shift_y=\u00a0\u00bb0&Prime; shift_y_down=\u00a0\u00bb0&Prime; z_index=\u00a0\u00bb0&Prime; medium_width=\u00a0\u00bb0&Prime; mobile_width=\u00a0\u00bb0&Prime; width=\u00a0\u00bb1\/1&Prime; uncode_shortcode_id=\u00a0\u00bb160103&Prime;][vc_custom_heading heading_semantic=\u00a0\u00bbh3&Prime; text_size=\u00a0\u00bbh4&Prime; uncode_shortcode_id=\u00a0\u00bb409291&Prime;]Posts similaires[\/vc_custom_heading][vc_empty_space empty_h=\u00a0\u00bb2&Prime;][uncode_index el_id=\u00a0\u00bbindex-435897617&Prime; index_type=\u00a0\u00bbcarousel\u00a0\u00bb loop=\u00a0\u00bbsize:4|order_by:rand|post_type:post|categories:78,79|taxonomy_count:10&Prime; carousel_lg=\u00a0\u00bb4&Prime; carousel_md=\u00a0\u00bb3&Prime; carousel_sm=\u00a0\u00bb1&Prime; thumb_size=\u00a0\u00bbthree-two\u00a0\u00bb gutter_size=\u00a0\u00bb3&Prime; post_items=\u00a0\u00bbmedia|featured|onpost|original,title,spacer|half,text|excerpt|120&Prime; carousel_height=\u00a0\u00bbequal\u00a0\u00bb carousel_interval=\u00a0\u00bb3000&Prime; carousel_navspeed=\u00a0\u00bb400&Prime; carousel_dots=\u00a0\u00bbyes\u00a0\u00bb carousel_dots_space=\u00a0\u00bbyes\u00a0\u00bb carousel_dots_mobile=\u00a0\u00bbyes\u00a0\u00bb stage_padding=\u00a0\u00bb0&Prime; single_back_color=\u00a0\u00bbcolor-xsdn\u00a0\u00bb single_shape=\u00a0\u00bbround\u00a0\u00bb radius=\u00a0\u00bbxs\u00a0\u00bb single_overlay_color=\u00a0\u00bbcolor-wayh\u00a0\u00bb single_overlay_opacity=\u00a0\u00bb50&Prime; single_text_visible=\u00a0\u00bbyes\u00a0\u00bb single_text_anim=\u00a0\u00bbno\u00a0\u00bb single_padding=\u00a0\u00bb2&Prime; single_title_semantic=\u00a0\u00bbh4&Prime; single_title_dimension=\u00a0\u00bbh4&Prime; single_border=\u00a0\u00bbyes\u00a0\u00bb uncode_shortcode_id=\u00a0\u00bb907887&Prime;][\/vc_column][\/vc_row]<\/p>\n<\/div>","protected":false},"excerpt":{"rendered":"<p>Quand j\u2019ai rencontr\u00e9 Patricia (Pipay) et Reda l\u2019ann\u00e9e derni\u00e8re, leur histoire m\u2019a tout de suite touch\u00e9. Etre vid\u00e9aste de mariage n\u2019est pas seulement \u00a0filmer ce qui se passe pendant la journ\u00e9e, mais plut\u00f4t de savoir qui sont mes couples pour savoir comment les filmer.<\/p>\n<p>Pipay a grandi da<\/p>\n","protected":false},"author":1,"featured_media":17773,"comment_status":"closed","ping_status":"closed","sticky":false,"template":"","format":"standard","meta":{"_acf_changed":false,"footnotes":""},"categories":[79],"tags":[],"class_list":["post-10484","post","type-post","status-publish","format-standard","has-post-thumbnail","hentry","category-films-narratifs"],"acf":[],"_links":{"self":[{"href":"https:\/\/www.gordonweddingfilms.com\/fr\/wp-json\/wp\/v2\/posts\/10484","targetHints":{"allow":["GET"]}}],"collection":[{"href":"https:\/\/www.gordonweddingfilms.com\/fr\/wp-json\/wp\/v2\/posts"}],"about":[{"href":"https:\/\/www.gordonweddingfilms.com\/fr\/wp-json\/wp\/v2\/types\/post"}],"author":[{"embeddable":true,"href":"https:\/\/www.gordonweddingfilms.com\/fr\/wp-json\/wp\/v2\/users\/1"}],"replies":[{"embeddable":true,"href":"https:\/\/www.gordonweddingfilms.com\/fr\/wp-json\/wp\/v2\/comments?post=10484"}],"version-history":[{"count":0,"href":"https:\/\/www.gordonweddingfilms.com\/fr\/wp-json\/wp\/v2\/posts\/10484\/revisions"}],"wp:featuredmedia":[{"embeddable":true,"href":"https:\/\/www.gordonweddingfilms.com\/fr\/wp-json\/wp\/v2\/media\/17773"}],"wp:attachment":[{"href":"https:\/\/www.gordonweddingfilms.com\/fr\/wp-json\/wp\/v2\/media?parent=10484"}],"wp:term":[{"taxonomy":"category","embeddable":true,"href":"https:\/\/www.gordonweddingfilms.com\/fr\/wp-json\/wp\/v2\/categories?post=10484"},{"taxonomy":"post_tag","embeddable":true,"href":"https:\/\/www.gordonweddingfilms.com\/fr\/wp-json\/wp\/v2\/tags?post=10484"}],"curies":[{"name":"wp","href":"https:\/\/api.w.org\/{rel}","templated":true}]}}